{"id":948,"date":"2013-09-22T03:06:01","date_gmt":"2013-09-22T01:06:01","guid":{"rendered":"http:\/\/www.edition-rugerup.de\/?p=948"},"modified":"2016-05-22T03:06:36","modified_gmt":"2016-05-22T01:06:36","slug":"rezensionen-zu-legende-von-schatten","status":"publish","type":"post","link":"https:\/\/www.edition-rugerup.de\/?p=948","title":{"rendered":"Rezensionen zu Legende von Schatten"},"content":{"rendered":"<p>Wir freuen uns \u00fcber die Rezension des zweiten Romans von Thomas Josef Wehlim Legende von Schatten in der FAZ vom 3.9.2013 und \u00fcber die sch\u00f6ne Besprechung im Nordwestradio (Radio Bremen \/ NDR) von Lore Kleinert.<\/p>\n","protected":false},"excerpt":{"rendered":"<p>Wir freuen uns \u00fcber die Rezension des zweiten Romans von Thomas Josef Wehlim Legende von Schatten in der FAZ vom 3.9.2013 und \u00fcber die sch\u00f6ne Besprechung im Nordwestradio (Radio Bremen \/ NDR) von Lore Kleinert.<\/p>\n","protected":false},"author":48,"featured_media":0,"comment_status":"closed","ping_status":"closed","sticky":false,"template":"","format":"standard","meta":{"footnotes":""},"categories":[25],"tags":[32],"class_list":["post-948","post","type-post","status-publish","format-standard","hentry","category-rezensionen","tag-wehlim"],"_links":{"self":[{"href":"https:\/\/www.edition-rugerup.de\/index.php?rest_route=\/wp\/v2\/posts\/948","targetHints":{"allow":["GET"]}}],"collection":[{"href":"https:\/\/www.edition-rugerup.de\/index.php?rest_route=\/wp\/v2\/posts"}],"about":[{"href":"https:\/\/www.edition-rugerup.de\/index.php?rest_route=\/wp\/v2\/types\/post"}],"author":[{"embeddable":true,"href":"https:\/\/www.edition-rugerup.de\/index.php?rest_route=\/wp\/v2\/users\/48"}],"replies":[{"embeddable":true,"href":"https:\/\/www.edition-rugerup.de\/index.php?rest_route=%2Fwp%2Fv2%2Fcomments&post=948"}],"version-history":[{"count":1,"href":"https:\/\/www.edition-rugerup.de\/index.php?rest_route=\/wp\/v2\/posts\/948\/revisions"}],"predecessor-version":[{"id":949,"href":"https:\/\/www.edition-rugerup.de\/index.php?rest_route=\/wp\/v2\/posts\/948\/revisions\/949"}],"wp:attachment":[{"href":"https:\/\/www.edition-rugerup.de\/index.php?rest_route=%2Fwp%2Fv2%2Fmedia&parent=948"}],"wp:term":[{"taxonomy":"category","embeddable":true,"href":"https:\/\/www.edition-rugerup.de\/index.php?rest_route=%2Fwp%2Fv2%2Fcategories&post=948"},{"taxonomy":"post_tag","embeddable":true,"href":"https:\/\/www.edition-rugerup.de\/index.php?rest_route=%2Fwp%2Fv2%2Ftags&post=948"}],"curies":[{"name":"wp","href":"https:\/\/api.w.org\/{rel}","templated":true}]}}