{"id":382,"date":"2014-03-10T23:26:00","date_gmt":"2014-03-10T21:26:00","guid":{"rendered":"http:\/\/www.edition-rugerup.de\/?p=382"},"modified":"2014-03-23T23:34:00","modified_gmt":"2014-03-23T21:34:00","slug":"jovan-rajs-buchpremiere-in-leipzig-theaterauffuhrung-in-berlin-und-celle","status":"publish","type":"post","link":"https:\/\/www.edition-rugerup.de\/?p=382","title":{"rendered":"Jovan Rajs: Buchpremiere in Leipzig, Theaterauff\u00fchrung in Berlin und Celle"},"content":{"rendered":"<p>Vor siebzig Jahren kam Jovan Rajs zum ersten Mal nach Deutschland \u2013 in einem Viehwaggon der Reichsbahn, ins Konzentrationslager Bergen-Belsen. Das Kriegsende erlebte er im vormaligen Ghetto Theresienstadt, elf Jahre alt.<br \/>\nHeute steht Jovan Rajs auf einer deutschen B\u00fchne und erz\u00e4hlt und spielt sein Leben. &#8222;Das gelbe St\u00fcck Stoff&#8220; ist ein Gastspiel des Theater Lederman aus Stockholm und wird in Berlin und Celle in deutscher Sprache und deutscher \u00dcbertitelung aufgef\u00fchrt. Das Buch, auf dem das St\u00fcck basiert, autobiographische Erz\u00e4hlungen von Jovan Rajs, erscheint in der Edition Rugerup und wird zur Buchmesse am 13.3.2014 in Leipzig vorgestellt. N\u00e4heres erfahren Sie bald hier und in \u00bbLeipzig liest\u00ab.<\/p>\n","protected":false},"excerpt":{"rendered":"<p>Vor siebzig Jahren kam Jovan Rajs zum ersten Mal nach Deutschland \u2013 in einem Viehwaggon der Reichsbahn, ins Konzentrationslager Bergen-Belsen. Das Kriegsende erlebte er im vormaligen Ghetto Theresienstadt, elf Jahre alt. Heute steht Jovan Rajs auf einer deutschen B\u00fchne und erz\u00e4hlt und spielt sein Leben. &#8222;Das gelbe St\u00fcck Stoff&#8220; ist ein Gastspiel des Theater Lederman [&hellip;]<\/p>\n","protected":false},"author":48,"featured_media":390,"comment_status":"closed","ping_status":"closed","sticky":false,"template":"","format":"standard","meta":{"footnotes":""},"categories":[42,175],"tags":[176],"class_list":["post-382","post","type-post","status-publish","format-standard","has-post-thumbnail","hentry","category-lesungen","category-neuerscheinungen","tag-rajs"],"_links":{"self":[{"href":"https:\/\/www.edition-rugerup.de\/index.php?rest_route=\/wp\/v2\/posts\/382","targetHints":{"allow":["GET"]}}],"collection":[{"href":"https:\/\/www.edition-rugerup.de\/index.php?rest_route=\/wp\/v2\/posts"}],"about":[{"href":"https:\/\/www.edition-rugerup.de\/index.php?rest_route=\/wp\/v2\/types\/post"}],"author":[{"embeddable":true,"href":"https:\/\/www.edition-rugerup.de\/index.php?rest_route=\/wp\/v2\/users\/48"}],"replies":[{"embeddable":true,"href":"https:\/\/www.edition-rugerup.de\/index.php?rest_route=%2Fwp%2Fv2%2Fcomments&post=382"}],"version-history":[{"count":7,"href":"https:\/\/www.edition-rugerup.de\/index.php?rest_route=\/wp\/v2\/posts\/382\/revisions"}],"predecessor-version":[{"id":395,"href":"https:\/\/www.edition-rugerup.de\/index.php?rest_route=\/wp\/v2\/posts\/382\/revisions\/395"}],"wp:featuredmedia":[{"embeddable":true,"href":"https:\/\/www.edition-rugerup.de\/index.php?rest_route=\/wp\/v2\/media\/390"}],"wp:attachment":[{"href":"https:\/\/www.edition-rugerup.de\/index.php?rest_route=%2Fwp%2Fv2%2Fmedia&parent=382"}],"wp:term":[{"taxonomy":"category","embeddable":true,"href":"https:\/\/www.edition-rugerup.de\/index.php?rest_route=%2Fwp%2Fv2%2Fcategories&post=382"},{"taxonomy":"post_tag","embeddable":true,"href":"https:\/\/www.edition-rugerup.de\/index.php?rest_route=%2Fwp%2Fv2%2Ftags&post=382"}],"curies":[{"name":"wp","href":"https:\/\/api.w.org\/{rel}","templated":true}]}}